{"id":1851,"date":"2016-06-25T11:32:02","date_gmt":"2016-06-25T09:32:02","guid":{"rendered":"http:\/\/festadelformaggio.it\/1\/?p=1851"},"modified":"2025-03-10T15:02:44","modified_gmt":"2025-03-10T14:02:44","slug":"perle-rosse-di-fine-primavera-le-ciliegie","status":"publish","type":"post","link":"https:\/\/festadelformaggio.it\/1\/perle-rosse-di-fine-primavera-le-ciliegie\/","title":{"rendered":"Perle rosse di fine primavera: LE CILIEGIE!"},"content":{"rendered":"<p>I<a href=\"http:\/\/festadelformaggio.it\/1\/wp-content\/uploads\/2016\/06\/ciliegi1.jpg\"><img loading=\"lazy\" decoding=\"async\" class=\"alignright  wp-image-1852\" src=\"http:\/\/festadelformaggio.it\/1\/wp-content\/uploads\/2016\/06\/ciliegi1.jpg\" alt=\"ciliegi1\" width=\"372\" height=\"496\" srcset=\"https:\/\/festadelformaggio.it\/1\/wp-content\/uploads\/2016\/06\/ciliegi1.jpg 720w, https:\/\/festadelformaggio.it\/1\/wp-content\/uploads\/2016\/06\/ciliegi1-600x800.jpg 600w, https:\/\/festadelformaggio.it\/1\/wp-content\/uploads\/2016\/06\/ciliegi1-225x300.jpg 225w\" sizes=\"auto, (max-width: 372px) 100vw, 372px\" \/><\/a>l territorio di Nogarole ha <strong>una vocazione straordinaria\u00a0per la coltivazione del ciliegio<\/strong>.<\/p>\n<p>Infatti ci sono diverse <strong>aziende agricole a conduzione familiare<\/strong>, pi\u00f9 o meno grandi, che si dedicano con passione a questa attivit\u00e0. I ciliegi si possono trovare specialmente tra i 250 e i 600 m slm, dove il clima \u00e8 pi\u00f9 favorevole, e la maggior concentrazione si trova nel versante bagnato\u00a0dal torrente Restena e\u00a0in alcune contrade\u00a0della frazione di Alvese, ma si contano alcuni ceraseti pure sul Monte Faldo.<\/p>\n<p>I ciliegi sono <strong>utilizzati da secoli come sostegni vivi per i filari delle viti<\/strong>, che nei\u00a0primi giorni\u00a0caldi dell&#8217;anno donavano dolci e succosi frutti.<\/p>\n<p>Con lo sviluppo dell&#8217;artigianato e dell&#8217;industria a fondovalle i contadini hanno preferito sradicare molti vigneti, e oggi anche gli alberi di ciliegio molto alti che li sostenevano stanno pian piano scomparendo.<\/p>\n<p><a href=\"http:\/\/festadelformaggio.it\/1\/wp-content\/uploads\/2016\/06\/ciliegi2.jpg\"><img loading=\"lazy\" decoding=\"async\" class=\"wp-image-1853 alignleft\" src=\"http:\/\/festadelformaggio.it\/1\/wp-content\/uploads\/2016\/06\/ciliegi2.jpg\" alt=\"ciliegi2\" width=\"396\" height=\"297\" \/><\/a>A sostituirli ci pensano dei <strong>moderni frutteti<\/strong>, in cui i ciliegi vengono <strong>allevati a vaso basso<\/strong>. Accanto alle cultivar tradizionali quali <strong>&#8220;<em>mora di Chiampo<\/em>&#8220;<\/strong>, <strong>&#8220;<em>mora dalla punta<\/em>&#8220;<\/strong> e <strong>&#8220;<em>marostegana<\/em>&#8220;<\/strong> troviamo variet\u00e0 pi\u00f9 recenti come <strong><em>adriana<\/em><\/strong>, <strong><em>ferrovia<\/em><\/strong>, <strong><em>giorgia\u00a0<\/em><\/strong>e\u00a0<strong><em>sweet heart<\/em><\/strong>.<\/p>\n<p>Purtroppo il 2016 verr\u00e0 ricordato come un anno difficile per i cerasicoltori, in quanto caratterizzato da <strong>pessime condizioni meteo proprio nel periodo della maturazione<\/strong>: infatti alcune malattie (monilia e drosofila) hanno compromesso buona parte del raccolto.<\/p>\n<p>Nonostante ci\u00f2, avete ancora qualche giorno di tempo per venire a Nogarole ed assaggiare le ultime ciliege. Cosa aspettate?<\/p>\n","protected":false},"excerpt":{"rendered":"<p>Il territorio di Nogarole ha una vocazione straordinaria\u00a0per la coltivazione del ciliegio. Infatti ci sono diverse aziende agricole a conduzione familiare, pi\u00f9 o meno grandi, che si dedicano con passione a questa attivit\u00e0. I ciliegi si possono trovare specialmente tra i 250 e i 600 m slm, dove il clima \u00e8 pi\u00f9 favorevole, e la&hellip;<\/p>\n","protected":false},"author":2,"featured_media":1854,"comment_status":"closed","ping_status":"open","sticky":false,"template":"","format":"standard","meta":[],"categories":[35],"tags":[],"class_list":["post-1851","post","type-post","status-publish","format-standard","has-post-thumbnail","hentry","category-prodotti-locali","category-35","description-off"],"post_mailing_queue_ids":[],"_links":{"self":[{"href":"https:\/\/festadelformaggio.it\/1\/wp-json\/wp\/v2\/posts\/1851","targetHints":{"allow":["GET"]}}],"collection":[{"href":"https:\/\/festadelformaggio.it\/1\/wp-json\/wp\/v2\/posts"}],"about":[{"href":"https:\/\/festadelformaggio.it\/1\/wp-json\/wp\/v2\/types\/post"}],"author":[{"embeddable":true,"href":"https:\/\/festadelformaggio.it\/1\/wp-json\/wp\/v2\/users\/2"}],"replies":[{"embeddable":true,"href":"https:\/\/festadelformaggio.it\/1\/wp-json\/wp\/v2\/comments?post=1851"}],"version-history":[{"count":1,"href":"https:\/\/festadelformaggio.it\/1\/wp-json\/wp\/v2\/posts\/1851\/revisions"}],"predecessor-version":[{"id":1855,"href":"https:\/\/festadelformaggio.it\/1\/wp-json\/wp\/v2\/posts\/1851\/revisions\/1855"}],"wp:featuredmedia":[{"embeddable":true,"href":"https:\/\/festadelformaggio.it\/1\/wp-json\/wp\/v2\/media\/1854"}],"wp:attachment":[{"href":"https:\/\/festadelformaggio.it\/1\/wp-json\/wp\/v2\/media?parent=1851"}],"wp:term":[{"taxonomy":"category","embeddable":true,"href":"https:\/\/festadelformaggio.it\/1\/wp-json\/wp\/v2\/categories?post=1851"},{"taxonomy":"post_tag","embeddable":true,"href":"https:\/\/festadelformaggio.it\/1\/wp-json\/wp\/v2\/tags?post=1851"}],"curies":[{"name":"wp","href":"https:\/\/api.w.org\/{rel}","templated":true}]}}