{"id":1897,"date":"2017-01-27T09:00:26","date_gmt":"2017-01-27T07:00:26","guid":{"rendered":"http:\/\/festadelformaggio.it\/1\/?p=1897"},"modified":"2025-03-10T15:02:44","modified_gmt":"2025-03-10T14:02:44","slug":"ecco-le-date-2017-vi-aspettiamo-il-5-6-7-maggio","status":"publish","type":"post","link":"https:\/\/festadelformaggio.it\/1\/ecco-le-date-2017-vi-aspettiamo-il-5-6-7-maggio\/","title":{"rendered":"Ecco le date 2017: vi aspettiamo il 5-6-7 maggio!"},"content":{"rendered":"<p>Torna l&#8217;evento pi\u00f9 atteso della primavera vicentina, la &#8220;<em>Festa del Formaggio<\/em>&#8221; che si terr\u00e0 a Nogarole Vicentino il 5-6-7 maggio 2017.<\/p>\n<p>Un intero weekend con assaggi, degustazioni, iniziative, uno strepitoso men\u00f9 enogastronomico, la bellissima passeggiata dei capitelli e&#8230;<\/p>\n<p>Beh, per ora segnatevi la data: 5-6-7 maggio!<\/p>\n<p><em>Stay tuned<\/em>. Tutte le novit\u00e0 e il programma presto online con il nuovo sito! \ud83d\ude09<\/p>\n<p><a href=\"http:\/\/festadelformaggio.it\/1\/wp-content\/uploads\/2017\/01\/facebook-copretina_20172.jpg\"><img loading=\"lazy\" decoding=\"async\" class=\"size-large wp-image-1888 aligncenter\" src=\"http:\/\/festadelformaggio.it\/1\/wp-content\/uploads\/2017\/01\/facebook-copretina_20172-1024x379.jpg\" alt=\"\" width=\"690\" height=\"255\" srcset=\"https:\/\/festadelformaggio.it\/1\/wp-content\/uploads\/2017\/01\/facebook-copretina_20172-1024x379.jpg 1024w, https:\/\/festadelformaggio.it\/1\/wp-content\/uploads\/2017\/01\/facebook-copretina_20172-600x222.jpg 600w, https:\/\/festadelformaggio.it\/1\/wp-content\/uploads\/2017\/01\/facebook-copretina_20172-300x111.jpg 300w, https:\/\/festadelformaggio.it\/1\/wp-content\/uploads\/2017\/01\/facebook-copretina_20172-768x284.jpg 768w\" sizes=\"auto, (max-width: 690px) 100vw, 690px\" \/><\/a><\/p>\n","protected":false},"excerpt":{"rendered":"<p>Torna l&#8217;evento pi\u00f9 atteso della primavera vicentina, la &#8220;Festa del Formaggio&#8221; che si terr\u00e0 a Nogarole Vicentino il 5-6-7 maggio 2017. Un intero weekend con assaggi, degustazioni, iniziative, uno strepitoso men\u00f9 enogastronomico, la bellissima passeggiata dei capitelli e&#8230; Beh, per ora segnatevi la data: 5-6-7 maggio! Stay tuned. Tutte le novit\u00e0 e il programma presto&hellip;<\/p>\n","protected":false},"author":2,"featured_media":1889,"comment_status":"closed","ping_status":"open","sticky":false,"template":"","format":"standard","meta":[],"categories":[1],"tags":[],"class_list":["post-1897","post","type-post","status-publish","format-standard","has-post-thumbnail","hentry","category-festa-del-formaggio","category-1","description-off"],"post_mailing_queue_ids":[],"_links":{"self":[{"href":"https:\/\/festadelformaggio.it\/1\/wp-json\/wp\/v2\/posts\/1897","targetHints":{"allow":["GET"]}}],"collection":[{"href":"https:\/\/festadelformaggio.it\/1\/wp-json\/wp\/v2\/posts"}],"about":[{"href":"https:\/\/festadelformaggio.it\/1\/wp-json\/wp\/v2\/types\/post"}],"author":[{"embeddable":true,"href":"https:\/\/festadelformaggio.it\/1\/wp-json\/wp\/v2\/users\/2"}],"replies":[{"embeddable":true,"href":"https:\/\/festadelformaggio.it\/1\/wp-json\/wp\/v2\/comments?post=1897"}],"version-history":[{"count":1,"href":"https:\/\/festadelformaggio.it\/1\/wp-json\/wp\/v2\/posts\/1897\/revisions"}],"predecessor-version":[{"id":1898,"href":"https:\/\/festadelformaggio.it\/1\/wp-json\/wp\/v2\/posts\/1897\/revisions\/1898"}],"wp:featuredmedia":[{"embeddable":true,"href":"https:\/\/festadelformaggio.it\/1\/wp-json\/wp\/v2\/media\/1889"}],"wp:attachment":[{"href":"https:\/\/festadelformaggio.it\/1\/wp-json\/wp\/v2\/media?parent=1897"}],"wp:term":[{"taxonomy":"category","embeddable":true,"href":"https:\/\/festadelformaggio.it\/1\/wp-json\/wp\/v2\/categories?post=1897"},{"taxonomy":"post_tag","embeddable":true,"href":"https:\/\/festadelformaggio.it\/1\/wp-json\/wp\/v2\/tags?post=1897"}],"curies":[{"name":"wp","href":"https:\/\/api.w.org\/{rel}","templated":true}]}}