{"id":1953,"date":"2017-03-17T11:27:19","date_gmt":"2017-03-17T09:27:19","guid":{"rendered":"http:\/\/festadelformaggio.it\/1\/?p=1953"},"modified":"2025-03-10T15:02:44","modified_gmt":"2025-03-10T14:02:44","slug":"la-nuova-testata-del-sito-unanteprima-delle-novita-4-edizione","status":"publish","type":"post","link":"https:\/\/festadelformaggio.it\/1\/la-nuova-testata-del-sito-unanteprima-delle-novita-4-edizione\/","title":{"rendered":"La nuova TESTATA del sito&#8230; un&#8217;anteprima delle novit\u00e0 4^ edizione?"},"content":{"rendered":"<p>Qualcuno, molto attento, avr\u00e0 notato la nuova immagine di testata del nostro sito www.festadelformaggio.it&#8230;<\/p>\n<p>Sar\u00e0 forse un&#8217;anticipazione delle novit\u00e0 della 4^ edizione della <em>Festa del Formaggio<\/em>?<\/p>\n<p>Staremo a vedere&#8230; La prossima settimana tutte le news e il programma completo. <em>Stay tuned<\/em>!<\/p>\n<p><strong>#festadelformaggio #nogarolevicentino #saycheese #stiamolavorandopervoi<\/strong><\/p>\n","protected":false},"excerpt":{"rendered":"<p>Qualcuno, molto attento, avr\u00e0 notato la nuova immagine di testata del nostro sito www.festadelformaggio.it&#8230; Sar\u00e0 forse un&#8217;anticipazione delle novit\u00e0 della 4^ edizione della Festa del Formaggio? Staremo a vedere&#8230; La prossima settimana tutte le news e il programma completo. Stay tuned! #festadelformaggio #nogarolevicentino #saycheese #stiamolavorandopervoi<\/p>\n","protected":false},"author":2,"featured_media":1950,"comment_status":"closed","ping_status":"open","sticky":false,"template":"","format":"standard","meta":[],"categories":[1],"tags":[],"class_list":["post-1953","post","type-post","status-publish","format-standard","has-post-thumbnail","hentry","category-festa-del-formaggio","category-1","description-off"],"post_mailing_queue_ids":[],"_links":{"self":[{"href":"https:\/\/festadelformaggio.it\/1\/wp-json\/wp\/v2\/posts\/1953","targetHints":{"allow":["GET"]}}],"collection":[{"href":"https:\/\/festadelformaggio.it\/1\/wp-json\/wp\/v2\/posts"}],"about":[{"href":"https:\/\/festadelformaggio.it\/1\/wp-json\/wp\/v2\/types\/post"}],"author":[{"embeddable":true,"href":"https:\/\/festadelformaggio.it\/1\/wp-json\/wp\/v2\/users\/2"}],"replies":[{"embeddable":true,"href":"https:\/\/festadelformaggio.it\/1\/wp-json\/wp\/v2\/comments?post=1953"}],"version-history":[{"count":1,"href":"https:\/\/festadelformaggio.it\/1\/wp-json\/wp\/v2\/posts\/1953\/revisions"}],"predecessor-version":[{"id":1954,"href":"https:\/\/festadelformaggio.it\/1\/wp-json\/wp\/v2\/posts\/1953\/revisions\/1954"}],"wp:featuredmedia":[{"embeddable":true,"href":"https:\/\/festadelformaggio.it\/1\/wp-json\/wp\/v2\/media\/1950"}],"wp:attachment":[{"href":"https:\/\/festadelformaggio.it\/1\/wp-json\/wp\/v2\/media?parent=1953"}],"wp:term":[{"taxonomy":"category","embeddable":true,"href":"https:\/\/festadelformaggio.it\/1\/wp-json\/wp\/v2\/categories?post=1953"},{"taxonomy":"post_tag","embeddable":true,"href":"https:\/\/festadelformaggio.it\/1\/wp-json\/wp\/v2\/tags?post=1953"}],"curies":[{"name":"wp","href":"https:\/\/api.w.org\/{rel}","templated":true}]}}