{"id":1995,"date":"2017-03-20T10:42:42","date_gmt":"2017-03-20T08:42:42","guid":{"rendered":"http:\/\/festadelformaggio.it\/1\/?p=1995"},"modified":"2025-03-10T15:02:44","modified_gmt":"2025-03-10T14:02:44","slug":"da-oggi-la-festa-del-formaggio-e-anche-su-instagram-follow-us","status":"publish","type":"post","link":"https:\/\/festadelformaggio.it\/1\/da-oggi-la-festa-del-formaggio-e-anche-su-instagram-follow-us\/","title":{"rendered":"Da oggi la &#8220;Festa del Formaggio&#8221; \u00e8 anche su INSTAGRAM! Follow us!"},"content":{"rendered":"<p>La Festa del Formaggio, amici, \u00e8 sempre pi\u00f9 <em>social<\/em>!<\/p>\n<p>Da oggi potete trovarci anche su Instagram cercando <a href=\"https:\/\/www.instagram.com\/festadelformaggio\/?hl=it\" target=\"_blank\">@festadelformaggio<\/a>, con tante belle foto e presto le news della 4^ edizione.<\/p>\n<p>Cosa state aspettando? <a href=\"https:\/\/www.instagram.com\/festadelformaggio\/?hl=it\" target=\"_blank\">Seguiteci anche su Instagram!<\/a><\/p>\n","protected":false},"excerpt":{"rendered":"<p>La Festa del Formaggio, amici, \u00e8 sempre pi\u00f9 social! Da oggi potete trovarci anche su Instagram cercando @festadelformaggio, con tante belle foto e presto le news della 4^ edizione. Cosa state aspettando? Seguiteci anche su Instagram!<\/p>\n","protected":false},"author":2,"featured_media":2097,"comment_status":"closed","ping_status":"open","sticky":false,"template":"","format":"standard","meta":[],"categories":[1],"tags":[],"class_list":["post-1995","post","type-post","status-publish","format-standard","has-post-thumbnail","hentry","category-festa-del-formaggio","category-1","description-off"],"post_mailing_queue_ids":[],"_links":{"self":[{"href":"https:\/\/festadelformaggio.it\/1\/wp-json\/wp\/v2\/posts\/1995","targetHints":{"allow":["GET"]}}],"collection":[{"href":"https:\/\/festadelformaggio.it\/1\/wp-json\/wp\/v2\/posts"}],"about":[{"href":"https:\/\/festadelformaggio.it\/1\/wp-json\/wp\/v2\/types\/post"}],"author":[{"embeddable":true,"href":"https:\/\/festadelformaggio.it\/1\/wp-json\/wp\/v2\/users\/2"}],"replies":[{"embeddable":true,"href":"https:\/\/festadelformaggio.it\/1\/wp-json\/wp\/v2\/comments?post=1995"}],"version-history":[{"count":4,"href":"https:\/\/festadelformaggio.it\/1\/wp-json\/wp\/v2\/posts\/1995\/revisions"}],"predecessor-version":[{"id":2099,"href":"https:\/\/festadelformaggio.it\/1\/wp-json\/wp\/v2\/posts\/1995\/revisions\/2099"}],"wp:featuredmedia":[{"embeddable":true,"href":"https:\/\/festadelformaggio.it\/1\/wp-json\/wp\/v2\/media\/2097"}],"wp:attachment":[{"href":"https:\/\/festadelformaggio.it\/1\/wp-json\/wp\/v2\/media?parent=1995"}],"wp:term":[{"taxonomy":"category","embeddable":true,"href":"https:\/\/festadelformaggio.it\/1\/wp-json\/wp\/v2\/categories?post=1995"},{"taxonomy":"post_tag","embeddable":true,"href":"https:\/\/festadelformaggio.it\/1\/wp-json\/wp\/v2\/tags?post=1995"}],"curies":[{"name":"wp","href":"https:\/\/api.w.org\/{rel}","templated":true}]}}