{"id":2100,"date":"2017-03-29T07:00:54","date_gmt":"2017-03-29T05:00:54","guid":{"rendered":"http:\/\/festadelformaggio.it\/1\/?p=2100"},"modified":"2025-03-10T15:02:44","modified_gmt":"2025-03-10T14:02:44","slug":"proposte-culturali-2017-mostra-fotografica-di-daniel-maran","status":"publish","type":"post","link":"https:\/\/festadelformaggio.it\/1\/proposte-culturali-2017-mostra-fotografica-di-daniel-maran\/","title":{"rendered":"Proposte culturali 2017: MOSTRA FOTOGRAFICA di Daniel Maran"},"content":{"rendered":"<p>Daniel Maran nasce a Montecchio Maggiore e avvia il suo percorso artistico gi\u00e0 in tenera et\u00e0 con la passione per la musica, che gli d\u00e0 la possibilit\u00e0 di partecipare a molti concerti, concorsi e di pubblicare album musicali.<a href=\"http:\/\/festadelformaggio.it\/1\/wp-content\/uploads\/2017\/03\/DSC8782-2-EDIT-web-ok.jpg\"><img loading=\"lazy\" decoding=\"async\" class=\"alignright wp-image-2022\" src=\"http:\/\/festadelformaggio.it\/1\/wp-content\/uploads\/2017\/03\/DSC8782-2-EDIT-web-ok-684x1024.jpg\" alt=\"\" width=\"219\" height=\"328\" srcset=\"https:\/\/festadelformaggio.it\/1\/wp-content\/uploads\/2017\/03\/DSC8782-2-EDIT-web-ok-684x1024.jpg 684w, https:\/\/festadelformaggio.it\/1\/wp-content\/uploads\/2017\/03\/DSC8782-2-EDIT-web-ok-600x899.jpg 600w, https:\/\/festadelformaggio.it\/1\/wp-content\/uploads\/2017\/03\/DSC8782-2-EDIT-web-ok-200x300.jpg 200w, https:\/\/festadelformaggio.it\/1\/wp-content\/uploads\/2017\/03\/DSC8782-2-EDIT-web-ok-768x1151.jpg 768w, https:\/\/festadelformaggio.it\/1\/wp-content\/uploads\/2017\/03\/DSC8782-2-EDIT-web-ok.jpg 1367w\" sizes=\"auto, (max-width: 219px) 100vw, 219px\" \/><\/a><\/p>\n<p>Con il passare degli anni, la fotografia fa scaturire in lui un forte interesse. Nel 2012 frequenta alcuni workshop di fotografia per paesaggio e ritratto, partecipa a concorsi fotografici con buoni risultati, inoltre le sue foto sono pubblicate in riviste di spessore come &#8220;DIGITAL CAMERA MAGAZINE&#8221;.<\/p>\n<p>Forte in lui \u00e8 la passione per le fotografie di paesaggio e non meno quella per i ritratti, nelle quali applica sia in fase di scatto sia in post produzione, tecniche diversificate che gli permettono di esprimere un\u2019atmosfera surreale data da colori intensi di forte impatto emotivo.<\/p>\n<p><strong>Sabato 6 e domenica 7 maggio<\/strong>, in occasione della <em>Festa del Formaggio<\/em>, potrete ammirare le sue foto nella mostra allestita nella sala conferenze al primo piano, sopra al portico parrocchiale dove si tiene il <em>Concorso Migliori Formaggi<\/em>.<\/p>\n<p>Per info visita il suo sito <a href=\"https:\/\/www.danielmaranphoto.com\/\" target=\"_blank\">www.danielmaranphoto.com<\/a>.<\/p>\n\n\t\t\t<style type='text\/css'>\n\t\t\t\t#gallery-1 {\n\t\t\t\t\tmargin: auto;\n\t\t\t\t}\n\t\t\t\t#gallery-1 .gallery-item {\n\t\t\t\t\tfloat: left;\n\t\t\t\t\tmargin-top: 10px;\n\t\t\t\t\ttext-align: center;\n\t\t\t\t\twidth: 25%;\n\t\t\t\t}\n\t\t\t\t#gallery-1 img {\n\t\t\t\t\tborder: 2px solid #cfcfcf;\n\t\t\t\t}\n\t\t\t\t#gallery-1 .gallery-caption {\n\t\t\t\t\tmargin-left: 0;\n\t\t\t\t}\n\t\t\t\t\/* see gallery_shortcode() in wp-includes\/media.php *\/\n\t\t\t<\/style>\n\t\t<div id='gallery-1' class='dt-gallery-container gallery galleryid-2100 gallery-columns-4 gallery-size-thumbnail'><dl class='gallery-item'>\n\t\t\t\t<dt class='gallery-icon portrait'>\n\t\t\t\t\t<a class='rollover rollover-zoom dt-pswp-item' title='_DSC7018-startrails-PICCOLA' data-dt-img-description='' data-large_image_width='800' data-large_image_height = '1200'  href='https:\/\/festadelformaggio.it\/1\/wp-content\/uploads\/2017\/03\/DSC7018-startrails-PICCOLA.jpg'><img loading=\"lazy\" decoding=\"async\" width=\"150\" height=\"150\" src=\"https:\/\/festadelformaggio.it\/1\/wp-content\/uploads\/2017\/03\/DSC7018-startrails-PICCOLA-150x150.jpg\" class=\"attachment-thumbnail size-thumbnail\" alt=\"\" srcset=\"https:\/\/festadelformaggio.it\/1\/wp-content\/uploads\/2017\/03\/DSC7018-startrails-PICCOLA-150x150.jpg 150w, https:\/\/festadelformaggio.it\/1\/wp-content\/uploads\/2017\/03\/DSC7018-startrails-PICCOLA-300x300.jpg 300w, https:\/\/festadelformaggio.it\/1\/wp-content\/uploads\/2017\/03\/DSC7018-startrails-PICCOLA-100x100.jpg 100w\" sizes=\"auto, (max-width: 150px) 100vw, 150px\" \/><\/a>\n\t\t\t\t<\/dt><\/dl><dl class='gallery-item'>\n\t\t\t\t<dt class='gallery-icon landscape'>\n\t\t\t\t\t<a class='rollover rollover-zoom dt-pswp-item' title='_DSC3218-castelluccio-milky-way-web' data-dt-img-description='' data-large_image_width='2048' data-large_image_height = '1314'  href='https:\/\/festadelformaggio.it\/1\/wp-content\/uploads\/2017\/03\/DSC3218-castelluccio-milky-way-web.jpg'><img loading=\"lazy\" decoding=\"async\" width=\"150\" height=\"150\" src=\"https:\/\/festadelformaggio.it\/1\/wp-content\/uploads\/2017\/03\/DSC3218-castelluccio-milky-way-web-150x150.jpg\" class=\"attachment-thumbnail size-thumbnail\" alt=\"\" srcset=\"https:\/\/festadelformaggio.it\/1\/wp-content\/uploads\/2017\/03\/DSC3218-castelluccio-milky-way-web-150x150.jpg 150w, https:\/\/festadelformaggio.it\/1\/wp-content\/uploads\/2017\/03\/DSC3218-castelluccio-milky-way-web-300x300.jpg 300w, https:\/\/festadelformaggio.it\/1\/wp-content\/uploads\/2017\/03\/DSC3218-castelluccio-milky-way-web-100x100.jpg 100w\" sizes=\"auto, (max-width: 150px) 100vw, 150px\" \/><\/a>\n\t\t\t\t<\/dt><\/dl><dl class='gallery-item'>\n\t\t\t\t<dt class='gallery-icon landscape'>\n\t\t\t\t\t<a class='rollover rollover-zoom dt-pswp-item' title='_DSC1314-castel boccale web' data-dt-img-description='' data-large_image_width='1200' data-large_image_height = '813'  href='https:\/\/festadelformaggio.it\/1\/wp-content\/uploads\/2017\/03\/DSC1314-castel-boccale-web.jpg'><img loading=\"lazy\" decoding=\"async\" width=\"150\" height=\"150\" src=\"https:\/\/festadelformaggio.it\/1\/wp-content\/uploads\/2017\/03\/DSC1314-castel-boccale-web-150x150.jpg\" class=\"attachment-thumbnail size-thumbnail\" alt=\"\" srcset=\"https:\/\/festadelformaggio.it\/1\/wp-content\/uploads\/2017\/03\/DSC1314-castel-boccale-web-150x150.jpg 150w, https:\/\/festadelformaggio.it\/1\/wp-content\/uploads\/2017\/03\/DSC1314-castel-boccale-web-300x300.jpg 300w, https:\/\/festadelformaggio.it\/1\/wp-content\/uploads\/2017\/03\/DSC1314-castel-boccale-web-100x100.jpg 100w\" sizes=\"auto, (max-width: 150px) 100vw, 150px\" \/><\/a>\n\t\t\t\t<\/dt><\/dl><dl class='gallery-item'>\n\t\t\t\t<dt class='gallery-icon landscape'>\n\t\t\t\t\t<a class='rollover rollover-zoom dt-pswp-item' title='_DSC7140-funes' data-dt-img-description='' data-large_image_width='2048' data-large_image_height = '1426'  href='https:\/\/festadelformaggio.it\/1\/wp-content\/uploads\/2017\/03\/DSC7140-funes.jpg'><img loading=\"lazy\" decoding=\"async\" width=\"150\" height=\"150\" src=\"https:\/\/festadelformaggio.it\/1\/wp-content\/uploads\/2017\/03\/DSC7140-funes-150x150.jpg\" class=\"attachment-thumbnail size-thumbnail\" alt=\"\" srcset=\"https:\/\/festadelformaggio.it\/1\/wp-content\/uploads\/2017\/03\/DSC7140-funes-150x150.jpg 150w, https:\/\/festadelformaggio.it\/1\/wp-content\/uploads\/2017\/03\/DSC7140-funes-300x300.jpg 300w, https:\/\/festadelformaggio.it\/1\/wp-content\/uploads\/2017\/03\/DSC7140-funes-100x100.jpg 100w\" sizes=\"auto, (max-width: 150px) 100vw, 150px\" \/><\/a>\n\t\t\t\t<\/dt><\/dl><br style=\"clear: both\" \/>\n\t\t\t<\/div>\n\n<p>&nbsp;<\/p>\n","protected":false},"excerpt":{"rendered":"<p>Daniel Maran nasce a Montecchio Maggiore e avvia il suo percorso artistico gi\u00e0 in tenera et\u00e0 con la passione per la musica, che gli d\u00e0 la possibilit\u00e0 di partecipare a molti concerti, concorsi e di pubblicare album musicali. Con il passare degli anni, la fotografia fa scaturire in lui un forte interesse. Nel 2012 frequenta&hellip;<\/p>\n","protected":false},"author":2,"featured_media":2103,"comment_status":"closed","ping_status":"open","sticky":false,"template":"","format":"standard","meta":[],"categories":[1],"tags":[],"class_list":["post-2100","post","type-post","status-publish","format-standard","has-post-thumbnail","hentry","category-festa-del-formaggio","category-1","description-off"],"post_mailing_queue_ids":[],"_links":{"self":[{"href":"https:\/\/festadelformaggio.it\/1\/wp-json\/wp\/v2\/posts\/2100","targetHints":{"allow":["GET"]}}],"collection":[{"href":"https:\/\/festadelformaggio.it\/1\/wp-json\/wp\/v2\/posts"}],"about":[{"href":"https:\/\/festadelformaggio.it\/1\/wp-json\/wp\/v2\/types\/post"}],"author":[{"embeddable":true,"href":"https:\/\/festadelformaggio.it\/1\/wp-json\/wp\/v2\/users\/2"}],"replies":[{"embeddable":true,"href":"https:\/\/festadelformaggio.it\/1\/wp-json\/wp\/v2\/comments?post=2100"}],"version-history":[{"count":3,"href":"https:\/\/festadelformaggio.it\/1\/wp-json\/wp\/v2\/posts\/2100\/revisions"}],"predecessor-version":[{"id":2188,"href":"https:\/\/festadelformaggio.it\/1\/wp-json\/wp\/v2\/posts\/2100\/revisions\/2188"}],"wp:featuredmedia":[{"embeddable":true,"href":"https:\/\/festadelformaggio.it\/1\/wp-json\/wp\/v2\/media\/2103"}],"wp:attachment":[{"href":"https:\/\/festadelformaggio.it\/1\/wp-json\/wp\/v2\/media?parent=2100"}],"wp:term":[{"taxonomy":"category","embeddable":true,"href":"https:\/\/festadelformaggio.it\/1\/wp-json\/wp\/v2\/categories?post=2100"},{"taxonomy":"post_tag","embeddable":true,"href":"https:\/\/festadelformaggio.it\/1\/wp-json\/wp\/v2\/tags?post=2100"}],"curies":[{"name":"wp","href":"https:\/\/api.w.org\/{rel}","templated":true}]}}