{"id":2189,"date":"2017-03-31T10:49:45","date_gmt":"2017-03-31T08:49:45","guid":{"rendered":"http:\/\/festadelformaggio.it\/1\/?p=2189"},"modified":"2025-03-10T14:59:33","modified_gmt":"2025-03-10T13:59:33","slug":"primavera-non-bussa-lei-entra-sicura","status":"publish","type":"post","link":"https:\/\/festadelformaggio.it\/1\/primavera-non-bussa-lei-entra-sicura\/","title":{"rendered":"&#8220;Primavera non bussa, lei entra sicura&#8221;"},"content":{"rendered":"<p>&#8220;<em>Primavera non bussa, lei entra sicura<\/em>&#8221; cantava Fabrizio De Andr\u00e9.<\/p>\n<p><a href=\"http:\/\/festadelformaggio.it\/1\/wp-content\/uploads\/2016\/06\/ciliegi1.jpg\"><img loading=\"lazy\" decoding=\"async\" class=\"alignright  wp-image-1852\" src=\"http:\/\/festadelformaggio.it\/1\/wp-content\/uploads\/2016\/06\/ciliegi1.jpg\" alt=\"\" width=\"274\" height=\"366\" srcset=\"https:\/\/festadelformaggio.it\/1\/wp-content\/uploads\/2016\/06\/ciliegi1.jpg 720w, https:\/\/festadelformaggio.it\/1\/wp-content\/uploads\/2016\/06\/ciliegi1-600x800.jpg 600w, https:\/\/festadelformaggio.it\/1\/wp-content\/uploads\/2016\/06\/ciliegi1-225x300.jpg 225w\" sizes=\"auto, (max-width: 274px) 100vw, 274px\" \/><\/a>Ed \u00e8 proprio vero.<\/p>\n<p>In questi giorni \u00e8 sbocciata la primavera, con fiori e profumi che dipingono il vento e il paesaggio.<\/p>\n<p>Un bellissimo spettacolo ammirare i ciliegi in fiore, una dolcezza effimera che ci colma di meraviglia&#8230;<\/p>\n<p>&nbsp;<\/p>\n","protected":false},"excerpt":{"rendered":"<p>&#8220;Primavera non bussa, lei entra sicura&#8221; cantava Fabrizio De Andr\u00e9. Ed \u00e8 proprio vero. In questi giorni \u00e8 sbocciata la primavera, con fiori e profumi che dipingono il vento e il paesaggio. Un bellissimo spettacolo ammirare i ciliegi in fiore, una dolcezza effimera che ci colma di meraviglia&#8230; &nbsp;<\/p>\n","protected":false},"author":2,"featured_media":2190,"comment_status":"closed","ping_status":"open","sticky":false,"template":"","format":"standard","meta":[],"categories":[1],"tags":[],"class_list":["post-2189","post","type-post","status-publish","format-standard","has-post-thumbnail","hentry","category-festa-del-formaggio","category-1","description-off"],"post_mailing_queue_ids":[],"_links":{"self":[{"href":"https:\/\/festadelformaggio.it\/1\/wp-json\/wp\/v2\/posts\/2189","targetHints":{"allow":["GET"]}}],"collection":[{"href":"https:\/\/festadelformaggio.it\/1\/wp-json\/wp\/v2\/posts"}],"about":[{"href":"https:\/\/festadelformaggio.it\/1\/wp-json\/wp\/v2\/types\/post"}],"author":[{"embeddable":true,"href":"https:\/\/festadelformaggio.it\/1\/wp-json\/wp\/v2\/users\/2"}],"replies":[{"embeddable":true,"href":"https:\/\/festadelformaggio.it\/1\/wp-json\/wp\/v2\/comments?post=2189"}],"version-history":[{"count":1,"href":"https:\/\/festadelformaggio.it\/1\/wp-json\/wp\/v2\/posts\/2189\/revisions"}],"predecessor-version":[{"id":2191,"href":"https:\/\/festadelformaggio.it\/1\/wp-json\/wp\/v2\/posts\/2189\/revisions\/2191"}],"wp:featuredmedia":[{"embeddable":true,"href":"https:\/\/festadelformaggio.it\/1\/wp-json\/wp\/v2\/media\/2190"}],"wp:attachment":[{"href":"https:\/\/festadelformaggio.it\/1\/wp-json\/wp\/v2\/media?parent=2189"}],"wp:term":[{"taxonomy":"category","embeddable":true,"href":"https:\/\/festadelformaggio.it\/1\/wp-json\/wp\/v2\/categories?post=2189"},{"taxonomy":"post_tag","embeddable":true,"href":"https:\/\/festadelformaggio.it\/1\/wp-json\/wp\/v2\/tags?post=2189"}],"curies":[{"name":"wp","href":"https:\/\/api.w.org\/{rel}","templated":true}]}}