{"id":2429,"date":"2017-06-09T11:00:39","date_gmt":"2017-06-09T09:00:39","guid":{"rendered":"http:\/\/festadelformaggio.it\/1\/?p=2429"},"modified":"2025-03-10T14:59:12","modified_gmt":"2025-03-10T13:59:12","slug":"1-festa-del-miele-a-san-pietro-mussolino-2-luglio","status":"publish","type":"post","link":"https:\/\/festadelformaggio.it\/1\/1-festa-del-miele-a-san-pietro-mussolino-2-luglio\/","title":{"rendered":"1^ FESTA DEL MIELE a San Pietro Mussolino &#8211; domenica 2 luglio"},"content":{"rendered":"<p>Finalmente, dopo 10 anni, torna a <strong>San Pietro Mussolino<\/strong> la passeggiata aperta a tutti i cittadini lungo il <strong>&#8220;Sentiero Amico&#8221;<\/strong>.<\/p>\n<p>Proprio in questo 2017 che rappresenta il 20\u00b0 anniversario dalla sistemazione del sentiero, l&#8217;Amministrazione comunale in collaborazione con la Protezione Civile ANA Valchiampo, l&#8217;APAV (associazione provinciale apico<span class=\"text_exposed_show\">ltori vicentini) e Pro Loco di San Pietro organizza una <strong>passeggiata aperta a tutti, grandi e piccini<\/strong>. <\/span><\/p>\n<p><span class=\"text_exposed_show\"><a href=\"http:\/\/festadelformaggio.it\/1\/wp-content\/uploads\/2017\/06\/miele-san-piero.jpg\"><img loading=\"lazy\" decoding=\"async\" class=\"aligncenter wp-image-2433\" src=\"http:\/\/festadelformaggio.it\/1\/wp-content\/uploads\/2017\/06\/miele-san-piero.jpg\" alt=\"\" width=\"447\" height=\"314\" srcset=\"https:\/\/festadelformaggio.it\/1\/wp-content\/uploads\/2017\/06\/miele-san-piero.jpg 637w, https:\/\/festadelformaggio.it\/1\/wp-content\/uploads\/2017\/06\/miele-san-piero-600x422.jpg 600w, https:\/\/festadelformaggio.it\/1\/wp-content\/uploads\/2017\/06\/miele-san-piero-300x211.jpg 300w\" sizes=\"auto, (max-width: 447px) 100vw, 447px\" \/><\/a><\/span><\/p>\n<p><span class=\"text_exposed_show\">Lungo il sentiero ci sar\u00e0 la presenza di tre punti ristoro in cui si potranno degustare prodotti tipici del territorio con un ospite d&#8217;onore: il\u00a0<strong>MIELE De.Co Valchiampo<\/strong> alla base degli assaggi proposti.<\/span><\/p>\n<p>Protagonista sar\u00e0 anche l&#8217;ambiente, poich\u00e9 per i ristori verr\u00e0 utilizzata solo ed esclusivamente posateria biodegradabile.<\/p>\n<p>Il percorso durer\u00e0 circa 1,30&#8221; &#8211; 2 ore, dipende dal passo.<\/p>\n<p>La <strong>partenza<\/strong> sar\u00e0 presso le <strong>scuole medie in via D.G Cosaro alle ore 9.00<\/strong> di domenica 2 luglio.<\/p>\n<p>Il percorso sar\u00e0 il seguente:<\/p>\n<p>Scuole medie &#8211; Lore &#8211; Casetta &#8211; Massanghella &#8211; Contra Bassa &#8211; Ciesa Vecia &#8211; Laite &#8211; Vescovo &#8211; Castello &#8211; Belvedere &#8211; Merzo &#8211; Bertocchetto &#8211; Cogola &#8211; Scuole (arrivo)<\/p>\n<p>I <strong>punti ristoro<\/strong> saranno collocati nei pressi di <strong>Agriturismo Angolo di Paradiso<\/strong>, zona Laite; <strong>Contr\u00e0 Bertocco<\/strong> ed infine il terzo ed ultimo presso l&#8217;arrivo sempre alle scuole medie di <strong>Via D.G. Cosaro<\/strong>.<\/p>\n<p><em><strong>N.B. La partecipazione \u00e8 completamente gratuita, vi aspettiamo numerosi!<\/strong><\/em><\/p>\n","protected":false},"excerpt":{"rendered":"<p>Finalmente, dopo 10 anni, torna a San Pietro Mussolino la passeggiata aperta a tutti i cittadini lungo il &#8220;Sentiero Amico&#8221;. Proprio in questo 2017 che rappresenta il 20\u00b0 anniversario dalla sistemazione del sentiero, l&#8217;Amministrazione comunale in collaborazione con la Protezione Civile ANA Valchiampo, l&#8217;APAV (associazione provinciale apicoltori vicentini) e Pro Loco di San Pietro organizza&hellip;<\/p>\n","protected":false},"author":2,"featured_media":2432,"comment_status":"closed","ping_status":"open","sticky":false,"template":"","format":"standard","meta":[],"categories":[50],"tags":[],"class_list":["post-2429","post","type-post","status-publish","format-standard","has-post-thumbnail","hentry","category-eventi-nei-dintorni-di-nogarole","category-50","description-off"],"post_mailing_queue_ids":[],"_links":{"self":[{"href":"https:\/\/festadelformaggio.it\/1\/wp-json\/wp\/v2\/posts\/2429","targetHints":{"allow":["GET"]}}],"collection":[{"href":"https:\/\/festadelformaggio.it\/1\/wp-json\/wp\/v2\/posts"}],"about":[{"href":"https:\/\/festadelformaggio.it\/1\/wp-json\/wp\/v2\/types\/post"}],"author":[{"embeddable":true,"href":"https:\/\/festadelformaggio.it\/1\/wp-json\/wp\/v2\/users\/2"}],"replies":[{"embeddable":true,"href":"https:\/\/festadelformaggio.it\/1\/wp-json\/wp\/v2\/comments?post=2429"}],"version-history":[{"count":2,"href":"https:\/\/festadelformaggio.it\/1\/wp-json\/wp\/v2\/posts\/2429\/revisions"}],"predecessor-version":[{"id":2445,"href":"https:\/\/festadelformaggio.it\/1\/wp-json\/wp\/v2\/posts\/2429\/revisions\/2445"}],"wp:featuredmedia":[{"embeddable":true,"href":"https:\/\/festadelformaggio.it\/1\/wp-json\/wp\/v2\/media\/2432"}],"wp:attachment":[{"href":"https:\/\/festadelformaggio.it\/1\/wp-json\/wp\/v2\/media?parent=2429"}],"wp:term":[{"taxonomy":"category","embeddable":true,"href":"https:\/\/festadelformaggio.it\/1\/wp-json\/wp\/v2\/categories?post=2429"},{"taxonomy":"post_tag","embeddable":true,"href":"https:\/\/festadelformaggio.it\/1\/wp-json\/wp\/v2\/tags?post=2429"}],"curies":[{"name":"wp","href":"https:\/\/api.w.org\/{rel}","templated":true}]}}