{"id":2563,"date":"2017-11-30T11:46:09","date_gmt":"2017-11-30T09:46:09","guid":{"rendered":"http:\/\/festadelformaggio.it\/1\/?p=2563"},"modified":"2025-03-10T14:58:53","modified_gmt":"2025-03-10T13:58:53","slug":"1-concorso-fotografico-a-premi","status":"publish","type":"post","link":"https:\/\/festadelformaggio.it\/1\/1-concorso-fotografico-a-premi\/","title":{"rendered":"1\u00b0 CONCORSO FOTOGRAFICO A PREMI &#8211; &#8220;NOGAROLE IN CORNICE&#8221;"},"content":{"rendered":"<p>Aspettando la <strong><em>Festa del Formaggio<\/em><\/strong>, vi presentiamo la prima iniziativa della 5^ edizione, che parte oggi\u00a0e culminer\u00e0 il <strong>4-5-6 maggio 2018<\/strong> proprio nel pieno della nostra manifestazione.<\/p>\n<p>Per la prima volta la Pro Loco, il neonato Foto Club Nogarole e l&#8217;Amministrazione comunale promuovono un <strong>CONCORSO FOTOGRAFICO A PREMI<\/strong> dal titolo <strong>&#8220;NOGAROLE IN CORNICE: IMMAGINI, COLORI ED EMOZIONI DI UN PICCOLO PAESE&#8221;<\/strong>.<\/p>\n<p>L\u2019iniziativa invita a <strong>raccontare le bellezze del paese<\/strong>, gli scorci delle contrade, i paesaggi e le vedute panoramiche diurne e notturne, mestieri ed usanze appartenenti al passato rurale, stalle e animali al pascolo, still life, arte, prodotti ed eccellenze enogastronomiche, piatti tipici, chiese chiesette e capitelli, la natura, la flora e la fauna, le fontane, i corsi d\u2019acqua, volti e personaggi, scene di vita ecc&#8230;<\/p>\n<p>Le foto dovranno essere scattate all\u2019interno del territorio del Comune di Nogarole Vicentino o comunque riprendere soggetti, elementi e\/o vedute panoramiche comprese nel territorio comunale.<\/p>\n<p><a href=\"http:\/\/festadelformaggio.it\/1\/wp-content\/uploads\/2017\/11\/20171024_160718.jpg\"><img loading=\"lazy\" decoding=\"async\" class=\"size-large wp-image-2566 aligncenter\" src=\"http:\/\/festadelformaggio.it\/1\/wp-content\/uploads\/2017\/11\/20171024_160718-1024x368.jpg\" alt=\"\" width=\"690\" height=\"248\" srcset=\"https:\/\/festadelformaggio.it\/1\/wp-content\/uploads\/2017\/11\/20171024_160718-1024x368.jpg 1024w, https:\/\/festadelformaggio.it\/1\/wp-content\/uploads\/2017\/11\/20171024_160718-600x216.jpg 600w, https:\/\/festadelformaggio.it\/1\/wp-content\/uploads\/2017\/11\/20171024_160718-300x108.jpg 300w, https:\/\/festadelformaggio.it\/1\/wp-content\/uploads\/2017\/11\/20171024_160718-768x276.jpg 768w, https:\/\/festadelformaggio.it\/1\/wp-content\/uploads\/2017\/11\/20171024_160718.jpg 2048w\" sizes=\"auto, (max-width: 690px) 100vw, 690px\" \/><\/a><\/p>\n<p>La <strong>partecipazione<\/strong> al concorso <strong>\u00e8 gratuita<\/strong> ed \u00e8 <strong>aperta a tutti i fotografi non professionisti<\/strong>, senza limiti d\u2019et\u00e0. Ogni partecipante potr\u00e0 inviare <strong>un massimo di 5 fotografie<\/strong>.<\/p>\n<p>Sono ammesse fotografie b\/n e a colori, con inquadrature sia verticali sia orizzontali. Non \u00e8 necessario che si tratti di scatti inediti, purch\u00e9 non risultino gi\u00e0 premiati in altri concorsi.<\/p>\n<p>Tra tutte le foto inviate, <strong>la giuria<\/strong> a suo giudizio insindacabile <strong>selezioner\u00e0 le migliori, che saranno esposte in una mostra aperta al pubblico durante la <em>Festa del Formaggio <\/em><\/strong>(la stampa delle foto selezionate in formato 20 x 30 sar\u00e0 a carico dell&#8217;organizzazione del concorso). Tra queste, le tre foto ritenute pi\u00f9 meritevoli saranno cos\u00ec premiate:<\/p>\n<ul>\n<li><strong>1\u00b0 classificato<\/strong> \u2013 200,00 euro<\/li>\n<li><strong>2\u00b0 classificato<\/strong> \u2013 100,00 euro<\/li>\n<li><strong>3\u00b0 classificato<\/strong> \u2013 50,00 euro<\/li>\n<\/ul>\n<p>Clicca sul seguente link per il regolamento completo, le modalit\u00e0 di partecipazione e il modulo di iscrizione al concorso:\u00a0<a href=\"http:\/\/festadelformaggio.it\/1\/wp-content\/uploads\/2017\/11\/regolamento-concorso-fotografico-nogarole.pdf\">regolamento concorso fotografico nogarole<\/a><\/p>\n<p><strong>N.B. Termine ultimo per la consegna delle foto \u00e8 il 31 marzo 2018. <\/strong>Non c&#8217;\u00e8 tempo da perdere!<\/p>\n","protected":false},"excerpt":{"rendered":"<p>Aspettando la Festa del Formaggio, vi presentiamo la prima iniziativa della 5^ edizione, che parte oggi\u00a0e culminer\u00e0 il 4-5-6 maggio 2018 proprio nel pieno della nostra manifestazione. Per la prima volta la Pro Loco, il neonato Foto Club Nogarole e l&#8217;Amministrazione comunale promuovono un CONCORSO FOTOGRAFICO A PREMI dal titolo &#8220;NOGAROLE IN CORNICE: IMMAGINI, COLORI&hellip;<\/p>\n","protected":false},"author":2,"featured_media":2564,"comment_status":"closed","ping_status":"open","sticky":false,"template":"","format":"standard","meta":[],"categories":[51,1],"tags":[],"class_list":["post-2563","post","type-post","status-publish","format-standard","has-post-thumbnail","hentry","category-eventi-a-nogarole-vicentino","category-festa-del-formaggio","category-51","category-1","description-off"],"post_mailing_queue_ids":[],"_links":{"self":[{"href":"https:\/\/festadelformaggio.it\/1\/wp-json\/wp\/v2\/posts\/2563","targetHints":{"allow":["GET"]}}],"collection":[{"href":"https:\/\/festadelformaggio.it\/1\/wp-json\/wp\/v2\/posts"}],"about":[{"href":"https:\/\/festadelformaggio.it\/1\/wp-json\/wp\/v2\/types\/post"}],"author":[{"embeddable":true,"href":"https:\/\/festadelformaggio.it\/1\/wp-json\/wp\/v2\/users\/2"}],"replies":[{"embeddable":true,"href":"https:\/\/festadelformaggio.it\/1\/wp-json\/wp\/v2\/comments?post=2563"}],"version-history":[{"count":7,"href":"https:\/\/festadelformaggio.it\/1\/wp-json\/wp\/v2\/posts\/2563\/revisions"}],"predecessor-version":[{"id":2578,"href":"https:\/\/festadelformaggio.it\/1\/wp-json\/wp\/v2\/posts\/2563\/revisions\/2578"}],"wp:featuredmedia":[{"embeddable":true,"href":"https:\/\/festadelformaggio.it\/1\/wp-json\/wp\/v2\/media\/2564"}],"wp:attachment":[{"href":"https:\/\/festadelformaggio.it\/1\/wp-json\/wp\/v2\/media?parent=2563"}],"wp:term":[{"taxonomy":"category","embeddable":true,"href":"https:\/\/festadelformaggio.it\/1\/wp-json\/wp\/v2\/categories?post=2563"},{"taxonomy":"post_tag","embeddable":true,"href":"https:\/\/festadelformaggio.it\/1\/wp-json\/wp\/v2\/tags?post=2563"}],"curies":[{"name":"wp","href":"https:\/\/api.w.org\/{rel}","templated":true}]}}