{"id":3884,"date":"2024-04-09T22:16:17","date_gmt":"2024-04-09T20:16:17","guid":{"rendered":"https:\/\/festadelformaggio.it\/1\/?p=3884"},"modified":"2025-03-10T14:47:31","modified_gmt":"2025-03-10T13:47:31","slug":"9-festa-del-formaggio-finalmente-svelato-il-programma","status":"publish","type":"post","link":"https:\/\/festadelformaggio.it\/1\/9-festa-del-formaggio-finalmente-svelato-il-programma\/","title":{"rendered":"9^ FESTA DEL FORMAGGIO: finalmente svelato il programma!"},"content":{"rendered":"<p>La <strong><em>Festa del Formaggio<\/em>\u00a0<\/strong>sta per tornare, ed eccoci a rivelare finalmente il programma completo di questa edizione. Siete pronti??<\/p>\n<p>Il libretto \u00e8 fresco di stampa ed \u00e8 gi\u00e0 in distribuzione, qui di seguito sveliamo finalmente tutti i dettagli dei tre giorni che tutti stavamo aspettando con ansia.<\/p>\n<h2><\/h2>\n<h2><strong>Venerd\u00ec 3 maggio 2024<\/strong><\/h2>\n<p>19.00 \u2013 presso gli stand inizia la festa, <strong>aperitivo con dj<\/strong><\/p>\n<p>19.30 \u2013 <strong>apertura cucine<\/strong> per poter assaggiare i gnocchi di fioretta, i formaggi locali e le nostre specialit\u00e0<\/p>\n<p>21.30 \u2013 il divertimento prosegue per tutta la serata con dj set firmato <strong>CRASH PARTY<\/strong><\/p>\n<p>01.00 \u2013 chiusura stand<\/p>\n<h2><\/h2>\n<h2><strong>Sabato 4 maggio<\/strong><\/h2>\n<p>17.00 \u2013 a Chiampo partenza della <strong>48^ corsa podistica Chiampo-Nogarole<\/strong>, gli atleti arriveranno nella nostra piazza e premieremo i vincitori presso gli stand<\/p>\n<p>18.00 \u2013 <strong>apertura cucine<\/strong> per poter assaggiare gnocchi di fioretta, i formaggi locali e le nostre specialit\u00e0<\/p>\n<p>18.00 \u2013 presso l\u2019area della festa apre il <strong>mercato<\/strong> e troverete le bancarelle di formaggi, produttori agricoli, piccoli artigiani ed hobbisti locali<\/p>\n<p>21.30 \u2013 live <strong>NUOVANTA &#8211; POP &amp; DANCE TRIBUTE BAND<\/strong>: vi faremo cantare e ballare sulle pi\u00f9 belle canzoni degli anni \u201890 e 2000<\/p>\n<h2><\/h2>\n<h2><strong>Domenica 5 maggio<\/strong><\/h2>\n<p>7.30-9.30 \u2013 iscrizioni<strong> 9^ CAMINADA DEI CAPITEI<\/strong> in piazza, partenza libera dopo il ritiro del cartellino, tre diversi percorsi <strong>7-12-19 km<\/strong> e ristori a base di formaggi e prodotti tipici; alla partenza <strong>chiosco colazioni con caff\u00e8 e krapfen<\/strong><\/p>\n<p>8.00 \u2013 apertura <strong>mercato<\/strong> con le bancarelle di formaggi, produttori agricoli, piccoli artigiani ed hobbisti locali<\/p>\n<p>11.30 \u2013 <strong>apertura cucine<\/strong>, operative dalle 11.30 alle 14.30 per proporre gnocchi di fioretta e degustazioni di formaggi del caseificio di Nogarole con miele, salumi, affettati, panini, patatine; <strong>novit\u00e0: pranzo anche senza glutine!<\/strong><\/p>\n<p>14.00 \u2013 <strong>chiusura camminata<\/strong>, a partire dalle 14.00 ristori e sicurezza terminano il servizio<\/p>\n<p>14.00 \u2013 <strong>formaggio in piazza<\/strong>: dalle 14.30 in piazza Marconi, di fronte al caseificio sociale di Nogarole, sar\u00e0 possibile assistere alle prime fasi della lavorazione del latte per la produzione del formaggio; il caseificio \u00e8 aperto per tutta la giornata<\/p>\n<p>14.00 \u2013 dalle 14.00 la festa si anima con la musica coinvolgente della band <strong>\u201cSTEPHAL&#8217;S BROTHERS\u201d<\/strong> e con uno spettacolo comico di giocoleria ed equilibrismo firmato <strong>\u201cCIRCO A PUA&#8230; one woman street show\u201d<\/strong>: frizzante energia, sfacciato senso dell\u2019umorismo, uno spettacolo da non perdere<\/p>\n<p>18.00 &#8211; dalle 18.00 alle 20.00 le <strong>nostre cucine riprendono<\/strong> a deliziarvi con gnocchi di fioretta e degustazioni di formaggi<\/p>\n<p>&nbsp;<\/p>\n\n\t\t\t<style type='text\/css'>\n\t\t\t\t#gallery-1 {\n\t\t\t\t\tmargin: auto;\n\t\t\t\t}\n\t\t\t\t#gallery-1 .gallery-item {\n\t\t\t\t\tfloat: left;\n\t\t\t\t\tmargin-top: 10px;\n\t\t\t\t\ttext-align: center;\n\t\t\t\t\twidth: 33%;\n\t\t\t\t}\n\t\t\t\t#gallery-1 img {\n\t\t\t\t\tborder: 2px solid #cfcfcf;\n\t\t\t\t}\n\t\t\t\t#gallery-1 .gallery-caption {\n\t\t\t\t\tmargin-left: 0;\n\t\t\t\t}\n\t\t\t\t\/* see gallery_shortcode() in wp-includes\/media.php *\/\n\t\t\t<\/style>\n\t\t<div id='gallery-1' class='dt-gallery-container gallery galleryid-3884 gallery-columns-3 gallery-size-medium'><dl class='gallery-item'>\n\t\t\t\t<dt class='gallery-icon portrait'>\n\t\t\t\t\t<a class='rollover rollover-zoom dt-pswp-item' title='impaginato 2024_definitivo' data-dt-img-description='' data-large_image_width='1444' data-large_image_height = '2048'  href='https:\/\/festadelformaggio.it\/1\/wp-content\/uploads\/2024\/04\/impaginato-2024_definitivo-1-scaled.jpg'><img loading=\"lazy\" decoding=\"async\" width=\"211\" height=\"300\" src=\"https:\/\/festadelformaggio.it\/1\/wp-content\/uploads\/2024\/04\/impaginato-2024_definitivo-1-211x300.jpg\" class=\"attachment-medium size-medium\" alt=\"\" srcset=\"https:\/\/festadelformaggio.it\/1\/wp-content\/uploads\/2024\/04\/impaginato-2024_definitivo-1-211x300.jpg 211w, https:\/\/festadelformaggio.it\/1\/wp-content\/uploads\/2024\/04\/impaginato-2024_definitivo-1-722x1024.jpg 722w, https:\/\/festadelformaggio.it\/1\/wp-content\/uploads\/2024\/04\/impaginato-2024_definitivo-1-768x1090.jpg 768w, https:\/\/festadelformaggio.it\/1\/wp-content\/uploads\/2024\/04\/impaginato-2024_definitivo-1-1083x1536.jpg 1083w, https:\/\/festadelformaggio.it\/1\/wp-content\/uploads\/2024\/04\/impaginato-2024_definitivo-1-scaled.jpg 1444w\" sizes=\"auto, (max-width: 211px) 100vw, 211px\" \/><\/a>\n\t\t\t\t<\/dt><\/dl><dl class='gallery-item'>\n\t\t\t\t<dt class='gallery-icon portrait'>\n\t\t\t\t\t<a class='rollover rollover-zoom dt-pswp-item' title='impaginato 2024_definitivo11' data-dt-img-description='' data-large_image_width='1444' data-large_image_height = '2048'  href='https:\/\/festadelformaggio.it\/1\/wp-content\/uploads\/2024\/04\/impaginato-2024_definitivo11-scaled.jpg'><img loading=\"lazy\" decoding=\"async\" width=\"211\" height=\"300\" src=\"https:\/\/festadelformaggio.it\/1\/wp-content\/uploads\/2024\/04\/impaginato-2024_definitivo11-211x300.jpg\" class=\"attachment-medium size-medium\" alt=\"\" srcset=\"https:\/\/festadelformaggio.it\/1\/wp-content\/uploads\/2024\/04\/impaginato-2024_definitivo11-211x300.jpg 211w, https:\/\/festadelformaggio.it\/1\/wp-content\/uploads\/2024\/04\/impaginato-2024_definitivo11-722x1024.jpg 722w, https:\/\/festadelformaggio.it\/1\/wp-content\/uploads\/2024\/04\/impaginato-2024_definitivo11-768x1090.jpg 768w, https:\/\/festadelformaggio.it\/1\/wp-content\/uploads\/2024\/04\/impaginato-2024_definitivo11-1083x1536.jpg 1083w, https:\/\/festadelformaggio.it\/1\/wp-content\/uploads\/2024\/04\/impaginato-2024_definitivo11-scaled.jpg 1444w\" sizes=\"auto, (max-width: 211px) 100vw, 211px\" \/><\/a>\n\t\t\t\t<\/dt><\/dl><dl class='gallery-item'>\n\t\t\t\t<dt class='gallery-icon portrait'>\n\t\t\t\t\t<a class='rollover rollover-zoom dt-pswp-item' title='impaginato 2024_definitivo13' data-dt-img-description='' data-large_image_width='1444' data-large_image_height = '2048'  href='https:\/\/festadelformaggio.it\/1\/wp-content\/uploads\/2024\/04\/impaginato-2024_definitivo13-scaled.jpg'><img loading=\"lazy\" decoding=\"async\" width=\"211\" height=\"300\" src=\"https:\/\/festadelformaggio.it\/1\/wp-content\/uploads\/2024\/04\/impaginato-2024_definitivo13-211x300.jpg\" class=\"attachment-medium size-medium\" alt=\"\" srcset=\"https:\/\/festadelformaggio.it\/1\/wp-content\/uploads\/2024\/04\/impaginato-2024_definitivo13-211x300.jpg 211w, https:\/\/festadelformaggio.it\/1\/wp-content\/uploads\/2024\/04\/impaginato-2024_definitivo13-722x1024.jpg 722w, https:\/\/festadelformaggio.it\/1\/wp-content\/uploads\/2024\/04\/impaginato-2024_definitivo13-768x1090.jpg 768w, https:\/\/festadelformaggio.it\/1\/wp-content\/uploads\/2024\/04\/impaginato-2024_definitivo13-1083x1536.jpg 1083w, https:\/\/festadelformaggio.it\/1\/wp-content\/uploads\/2024\/04\/impaginato-2024_definitivo13-scaled.jpg 1444w\" sizes=\"auto, (max-width: 211px) 100vw, 211px\" \/><\/a>\n\t\t\t\t<\/dt><\/dl><br style=\"clear: both\" \/><dl class='gallery-item'>\n\t\t\t\t<dt class='gallery-icon portrait'>\n\t\t\t\t\t<a class='rollover rollover-zoom dt-pswp-item' title='impaginato 2024_definitivo14' data-dt-img-description='' data-large_image_width='1444' data-large_image_height = '2048'  href='https:\/\/festadelformaggio.it\/1\/wp-content\/uploads\/2024\/04\/impaginato-2024_definitivo14-scaled.jpg'><img loading=\"lazy\" decoding=\"async\" width=\"211\" height=\"300\" src=\"https:\/\/festadelformaggio.it\/1\/wp-content\/uploads\/2024\/04\/impaginato-2024_definitivo14-211x300.jpg\" class=\"attachment-medium size-medium\" alt=\"\" srcset=\"https:\/\/festadelformaggio.it\/1\/wp-content\/uploads\/2024\/04\/impaginato-2024_definitivo14-211x300.jpg 211w, https:\/\/festadelformaggio.it\/1\/wp-content\/uploads\/2024\/04\/impaginato-2024_definitivo14-722x1024.jpg 722w, https:\/\/festadelformaggio.it\/1\/wp-content\/uploads\/2024\/04\/impaginato-2024_definitivo14-768x1090.jpg 768w, https:\/\/festadelformaggio.it\/1\/wp-content\/uploads\/2024\/04\/impaginato-2024_definitivo14-1083x1536.jpg 1083w, https:\/\/festadelformaggio.it\/1\/wp-content\/uploads\/2024\/04\/impaginato-2024_definitivo14-scaled.jpg 1444w\" sizes=\"auto, (max-width: 211px) 100vw, 211px\" \/><\/a>\n\t\t\t\t<\/dt><\/dl><dl class='gallery-item'>\n\t\t\t\t<dt class='gallery-icon portrait'>\n\t\t\t\t\t<a class='rollover rollover-zoom dt-pswp-item' title='impaginato 2024_definitivo15' data-dt-img-description='' data-large_image_width='1444' data-large_image_height = '2048'  href='https:\/\/festadelformaggio.it\/1\/wp-content\/uploads\/2024\/04\/impaginato-2024_definitivo15-scaled.jpg'><img loading=\"lazy\" decoding=\"async\" width=\"211\" height=\"300\" src=\"https:\/\/festadelformaggio.it\/1\/wp-content\/uploads\/2024\/04\/impaginato-2024_definitivo15-211x300.jpg\" class=\"attachment-medium size-medium\" alt=\"\" srcset=\"https:\/\/festadelformaggio.it\/1\/wp-content\/uploads\/2024\/04\/impaginato-2024_definitivo15-211x300.jpg 211w, https:\/\/festadelformaggio.it\/1\/wp-content\/uploads\/2024\/04\/impaginato-2024_definitivo15-722x1024.jpg 722w, https:\/\/festadelformaggio.it\/1\/wp-content\/uploads\/2024\/04\/impaginato-2024_definitivo15-768x1090.jpg 768w, https:\/\/festadelformaggio.it\/1\/wp-content\/uploads\/2024\/04\/impaginato-2024_definitivo15-1083x1536.jpg 1083w, https:\/\/festadelformaggio.it\/1\/wp-content\/uploads\/2024\/04\/impaginato-2024_definitivo15-scaled.jpg 1444w\" sizes=\"auto, (max-width: 211px) 100vw, 211px\" \/><\/a>\n\t\t\t\t<\/dt><\/dl><dl class='gallery-item'>\n\t\t\t\t<dt class='gallery-icon portrait'>\n\t\t\t\t\t<a class='rollover rollover-zoom dt-pswp-item' title='impaginato 2024_definitivo18' data-dt-img-description='' data-large_image_width='1444' data-large_image_height = '2048'  href='https:\/\/festadelformaggio.it\/1\/wp-content\/uploads\/2024\/04\/impaginato-2024_definitivo18-scaled.jpg'><img loading=\"lazy\" decoding=\"async\" width=\"211\" height=\"300\" src=\"https:\/\/festadelformaggio.it\/1\/wp-content\/uploads\/2024\/04\/impaginato-2024_definitivo18-211x300.jpg\" class=\"attachment-medium size-medium\" alt=\"\" srcset=\"https:\/\/festadelformaggio.it\/1\/wp-content\/uploads\/2024\/04\/impaginato-2024_definitivo18-211x300.jpg 211w, https:\/\/festadelformaggio.it\/1\/wp-content\/uploads\/2024\/04\/impaginato-2024_definitivo18-722x1024.jpg 722w, https:\/\/festadelformaggio.it\/1\/wp-content\/uploads\/2024\/04\/impaginato-2024_definitivo18-768x1090.jpg 768w, https:\/\/festadelformaggio.it\/1\/wp-content\/uploads\/2024\/04\/impaginato-2024_definitivo18-1083x1536.jpg 1083w, https:\/\/festadelformaggio.it\/1\/wp-content\/uploads\/2024\/04\/impaginato-2024_definitivo18-scaled.jpg 1444w\" sizes=\"auto, (max-width: 211px) 100vw, 211px\" \/><\/a>\n\t\t\t\t<\/dt><\/dl><br style=\"clear: both\" \/><dl class='gallery-item'>\n\t\t\t\t<dt class='gallery-icon portrait'>\n\t\t\t\t\t<a class='rollover rollover-zoom dt-pswp-item' title='impaginato 2024_definitivo19' data-dt-img-description='' data-large_image_width='1444' data-large_image_height = '2048'  href='https:\/\/festadelformaggio.it\/1\/wp-content\/uploads\/2024\/04\/impaginato-2024_definitivo19-scaled.jpg'><img loading=\"lazy\" decoding=\"async\" width=\"211\" height=\"300\" src=\"https:\/\/festadelformaggio.it\/1\/wp-content\/uploads\/2024\/04\/impaginato-2024_definitivo19-211x300.jpg\" class=\"attachment-medium size-medium\" alt=\"\" srcset=\"https:\/\/festadelformaggio.it\/1\/wp-content\/uploads\/2024\/04\/impaginato-2024_definitivo19-211x300.jpg 211w, https:\/\/festadelformaggio.it\/1\/wp-content\/uploads\/2024\/04\/impaginato-2024_definitivo19-722x1024.jpg 722w, https:\/\/festadelformaggio.it\/1\/wp-content\/uploads\/2024\/04\/impaginato-2024_definitivo19-768x1090.jpg 768w, https:\/\/festadelformaggio.it\/1\/wp-content\/uploads\/2024\/04\/impaginato-2024_definitivo19-1083x1536.jpg 1083w, https:\/\/festadelformaggio.it\/1\/wp-content\/uploads\/2024\/04\/impaginato-2024_definitivo19-scaled.jpg 1444w\" sizes=\"auto, (max-width: 211px) 100vw, 211px\" \/><\/a>\n\t\t\t\t<\/dt><\/dl><dl class='gallery-item'>\n\t\t\t\t<dt class='gallery-icon portrait'>\n\t\t\t\t\t<a class='rollover rollover-zoom dt-pswp-item' title='impaginato 2024_definitivo23' data-dt-img-description='' data-large_image_width='1444' data-large_image_height = '2048'  href='https:\/\/festadelformaggio.it\/1\/wp-content\/uploads\/2024\/04\/impaginato-2024_definitivo23-1-scaled.jpg'><img loading=\"lazy\" decoding=\"async\" width=\"211\" height=\"300\" src=\"https:\/\/festadelformaggio.it\/1\/wp-content\/uploads\/2024\/04\/impaginato-2024_definitivo23-1-211x300.jpg\" class=\"attachment-medium size-medium\" alt=\"\" srcset=\"https:\/\/festadelformaggio.it\/1\/wp-content\/uploads\/2024\/04\/impaginato-2024_definitivo23-1-211x300.jpg 211w, https:\/\/festadelformaggio.it\/1\/wp-content\/uploads\/2024\/04\/impaginato-2024_definitivo23-1-722x1024.jpg 722w, https:\/\/festadelformaggio.it\/1\/wp-content\/uploads\/2024\/04\/impaginato-2024_definitivo23-1-768x1090.jpg 768w, https:\/\/festadelformaggio.it\/1\/wp-content\/uploads\/2024\/04\/impaginato-2024_definitivo23-1-1083x1536.jpg 1083w, https:\/\/festadelformaggio.it\/1\/wp-content\/uploads\/2024\/04\/impaginato-2024_definitivo23-1-scaled.jpg 1444w\" sizes=\"auto, (max-width: 211px) 100vw, 211px\" \/><\/a>\n\t\t\t\t<\/dt><\/dl><dl class='gallery-item'>\n\t\t\t\t<dt class='gallery-icon portrait'>\n\t\t\t\t\t<a class='rollover rollover-zoom dt-pswp-item' title='impaginato 2024_definitivo27' data-dt-img-description='' data-large_image_width='1444' data-large_image_height = '2048'  href='https:\/\/festadelformaggio.it\/1\/wp-content\/uploads\/2024\/04\/impaginato-2024_definitivo27-scaled.jpg'><img loading=\"lazy\" decoding=\"async\" width=\"211\" height=\"300\" src=\"https:\/\/festadelformaggio.it\/1\/wp-content\/uploads\/2024\/04\/impaginato-2024_definitivo27-211x300.jpg\" class=\"attachment-medium size-medium\" alt=\"\" srcset=\"https:\/\/festadelformaggio.it\/1\/wp-content\/uploads\/2024\/04\/impaginato-2024_definitivo27-211x300.jpg 211w, https:\/\/festadelformaggio.it\/1\/wp-content\/uploads\/2024\/04\/impaginato-2024_definitivo27-722x1024.jpg 722w, https:\/\/festadelformaggio.it\/1\/wp-content\/uploads\/2024\/04\/impaginato-2024_definitivo27-768x1090.jpg 768w, https:\/\/festadelformaggio.it\/1\/wp-content\/uploads\/2024\/04\/impaginato-2024_definitivo27-1083x1536.jpg 1083w, https:\/\/festadelformaggio.it\/1\/wp-content\/uploads\/2024\/04\/impaginato-2024_definitivo27-scaled.jpg 1444w\" sizes=\"auto, (max-width: 211px) 100vw, 211px\" \/><\/a>\n\t\t\t\t<\/dt><\/dl><br style=\"clear: both\" \/><dl class='gallery-item'>\n\t\t\t\t<dt class='gallery-icon portrait'>\n\t\t\t\t\t<a class='rollover rollover-zoom dt-pswp-item' title='impaginato 2024_definitivo33' data-dt-img-description='' data-large_image_width='1444' data-large_image_height = '2048'  href='https:\/\/festadelformaggio.it\/1\/wp-content\/uploads\/2024\/04\/impaginato-2024_definitivo33-scaled.jpg'><img loading=\"lazy\" decoding=\"async\" width=\"211\" height=\"300\" src=\"https:\/\/festadelformaggio.it\/1\/wp-content\/uploads\/2024\/04\/impaginato-2024_definitivo33-211x300.jpg\" class=\"attachment-medium size-medium\" alt=\"\" srcset=\"https:\/\/festadelformaggio.it\/1\/wp-content\/uploads\/2024\/04\/impaginato-2024_definitivo33-211x300.jpg 211w, https:\/\/festadelformaggio.it\/1\/wp-content\/uploads\/2024\/04\/impaginato-2024_definitivo33-722x1024.jpg 722w, https:\/\/festadelformaggio.it\/1\/wp-content\/uploads\/2024\/04\/impaginato-2024_definitivo33-768x1090.jpg 768w, https:\/\/festadelformaggio.it\/1\/wp-content\/uploads\/2024\/04\/impaginato-2024_definitivo33-1083x1536.jpg 1083w, https:\/\/festadelformaggio.it\/1\/wp-content\/uploads\/2024\/04\/impaginato-2024_definitivo33-scaled.jpg 1444w\" sizes=\"auto, (max-width: 211px) 100vw, 211px\" \/><\/a>\n\t\t\t\t<\/dt><\/dl>\n\t\t\t\t<br style='clear: both' \/>\n\t\t\t<\/div>\n\n<p>&nbsp;<\/p>\n","protected":false},"excerpt":{"rendered":"<p>La Festa del Formaggio\u00a0sta per tornare, ed eccoci a rivelare finalmente il programma completo di questa edizione. Siete pronti?? Il libretto \u00e8 fresco di stampa ed \u00e8 gi\u00e0 in distribuzione, qui di seguito sveliamo finalmente tutti i dettagli dei tre giorni che tutti stavamo aspettando con ansia. Venerd\u00ec 3 maggio 2024 19.00 \u2013 presso gli&hellip;<\/p>\n","protected":false},"author":2,"featured_media":3885,"comment_status":"closed","ping_status":"open","sticky":false,"template":"","format":"standard","meta":[],"categories":[51,1,35],"tags":[],"class_list":["post-3884","post","type-post","status-publish","format-standard","has-post-thumbnail","hentry","category-eventi-a-nogarole-vicentino","category-festa-del-formaggio","category-prodotti-locali","category-51","category-1","category-35","description-off"],"post_mailing_queue_ids":[],"_links":{"self":[{"href":"https:\/\/festadelformaggio.it\/1\/wp-json\/wp\/v2\/posts\/3884","targetHints":{"allow":["GET"]}}],"collection":[{"href":"https:\/\/festadelformaggio.it\/1\/wp-json\/wp\/v2\/posts"}],"about":[{"href":"https:\/\/festadelformaggio.it\/1\/wp-json\/wp\/v2\/types\/post"}],"author":[{"embeddable":true,"href":"https:\/\/festadelformaggio.it\/1\/wp-json\/wp\/v2\/users\/2"}],"replies":[{"embeddable":true,"href":"https:\/\/festadelformaggio.it\/1\/wp-json\/wp\/v2\/comments?post=3884"}],"version-history":[{"count":3,"href":"https:\/\/festadelformaggio.it\/1\/wp-json\/wp\/v2\/posts\/3884\/revisions"}],"predecessor-version":[{"id":3899,"href":"https:\/\/festadelformaggio.it\/1\/wp-json\/wp\/v2\/posts\/3884\/revisions\/3899"}],"wp:featuredmedia":[{"embeddable":true,"href":"https:\/\/festadelformaggio.it\/1\/wp-json\/wp\/v2\/media\/3885"}],"wp:attachment":[{"href":"https:\/\/festadelformaggio.it\/1\/wp-json\/wp\/v2\/media?parent=3884"}],"wp:term":[{"taxonomy":"category","embeddable":true,"href":"https:\/\/festadelformaggio.it\/1\/wp-json\/wp\/v2\/categories?post=3884"},{"taxonomy":"post_tag","embeddable":true,"href":"https:\/\/festadelformaggio.it\/1\/wp-json\/wp\/v2\/tags?post=3884"}],"curies":[{"name":"wp","href":"https:\/\/api.w.org\/{rel}","templated":true}]}}